{"id":5361,"date":"2020-05-16T01:43:56","date_gmt":"2020-05-16T01:43:56","guid":{"rendered":"https:\/\/www.ipcb.org.br\/index\/?p=5361"},"modified":"2020-05-15T21:44:30","modified_gmt":"2020-05-15T21:44:30","slug":"semente-a-beira-do-caminho","status":"publish","type":"post","link":"https:\/\/ipcb.org.br\/index\/semente-a-beira-do-caminho\/","title":{"rendered":"<strong>\u201cSemente \u00e0 beira do caminho\u201d<\/strong>"},"content":{"rendered":"<p>O semeador saiu e semeou a semente e \u201cparte dela caiu \u00e0 beira do caminho; foi pisada, e as aves do c\u00e9u a comeram\u201d (Lc 4.5). Jesus deu a interpreta\u00e7\u00e3o, dizendo: \u201cAs que ca\u00edram \u00e0 beira do caminho s\u00e3o os que ouvem, e ent\u00e3o vem o Diabo e tira a palavra do seu cora\u00e7\u00e3o, para que n\u00e3o creiam e n\u00e3o sejam salvos\u201d (Lc 4.12).<\/p>\n<p>Em todos os tipos de solo que a semente \u00e9 lan\u00e7ada \u00e9 indicativo que todos ouvem a Palavra de  Deus. Todavia, \u00e9 interessante observar as a\u00e7\u00f5es do Diabo: \u201ce ent\u00e3o vem o Diabo e tira a palavra do seu cora\u00e7\u00e3o, para que n\u00e3o creiam e n\u00e3o sejam salvos\u201d (Lc 8.12).<\/p>\n<p>O que leva o Diabo a tirar a Palavra de Deus do cora\u00e7\u00e3o de um pecador \u00e9 que, embora tendo-a ouvido, ele n\u00e3o a compreende. E, devemos lembrar que ouvir e compreender faz toda a diferen\u00e7a na reposta de um pecador \u00e0 Palavra de Deus.<\/p>\n<p>Esse tipo de solo chama a aten\u00e7\u00e3o, pois, aparentemente, por ser duro, o pecador tem o poder de resistir ao poder do Esp\u00edrito Santo e da Palavra de Deus. Por\u00e9m, n\u00e3o \u00e9 o que acontece. A Palavra de Deus jamais volta vazia para o Senhor. \u201cAssim como a chuva e neve descem dos c\u00e9us e n\u00e3o voltam para eles sem regarem a terra e fazerem-na brotar e florescer, para ela produzir semente para o semeador e p\u00e3o para o que come, assim tamb\u00e9m ocorre com a palavra que sai da minha boca: ela n\u00e3o voltar\u00e1 para mim vazia, mas far\u00e1 o que desejo e atingir\u00e1 o prop\u00f3sito para o qual a enviei\u201d (Is 55.10-11).<\/p>\n<p>O solo \u00e9 o cora\u00e7\u00e3o. O problema com esse tipo de solo \u00e9 que as pessoas apenas ouvem a Palavra, mas n\u00e3o a entendem. A semente, que \u00e9 a Palavra de Deus, \u00e9 lan\u00e7ada, mas o Diabo age e tira a Palavra e o pecador continua em sua condi\u00e7\u00e3o de perdido e sob a condena\u00e7\u00e3o do pecado.<\/p>\n<p>O solo \u00e0 beira do caminho \u00e9 o cora\u00e7\u00e3o que apenas ouve a mensagem das boas novas da salva\u00e7\u00e3o em Cristo. Por\u00e9m, n\u00e3o cr\u00ea na Palavra de Deus. \u201cPois a mensagem da cruz \u00e9 loucura para os que est\u00e3o perecendo\u201d (1Co 1.18). \u201cQuem n\u00e3o tem o Esp\u00edrito n\u00e3o aceita as coisas que veem do Esp\u00edrito de Deus, pois lhe s\u00e3o loucura; e n\u00e3o \u00e9 capaz de entend\u00ea-las, porque elas s\u00e3o discernidas espiritualmente\u201d (1Co 2.14).<\/p>\n<p>A semente foi lan\u00e7ada e caiu \u00e0 beira do caminho. Ela foi pisada, as aves a comeram, o Diabo entra em a\u00e7\u00e3o e tira a semente desse solo, que n\u00e3o entendeu a mensagem do evangelho e, por isso, n\u00e3o entrou no solo e, consequentemente, n\u00e3o germinou. Para que a semente germine, \u00e9 preciso que ela morra. E isso n\u00e3o aconteceu com a semente que caiu \u00e0 beira do caminho.<\/p>\n<p>Voc\u00ea ouviu a Palavra de Deus. O seu cora\u00e7\u00e3o \u00e9 semelhante ao solo \u00e0 beira do caminho?<\/p>\n<p>Que o Senhor Jesus conceda um \u00f3timo dia a voc\u00ea e toda a sua fam\u00edlia. <\/p>\n<p><strong>Rev. Jos\u00e9 Paulo Brocco<\/strong>  (Pastor na 1\u00aa IPC de S\u00e3o Paulo)<\/p>\n<p><iframe loading=\"lazy\" width=\"100%\" height=\"300\" scrolling=\"no\" frameborder=\"no\" allow=\"autoplay\" src=\"https:\/\/w.soundcloud.com\/player\/?url=https%3A\/\/api.soundcloud.com\/tracks\/821353357&#038;color=%23ff5500&#038;auto_play=true&#038;hide_related=false&#038;show_comments=true&#038;show_user=true&#038;show_reposts=false&#038;show_teaser=true&#038;visual=true\"><\/iframe><\/p>\n","protected":false},"excerpt":{"rendered":"<p>O semeador saiu e semeou a semente e \u201cparte dela caiu \u00e0 beira do caminho; foi pisada, e as aves do c\u00e9u a comeram\u201d (Lc 4.5). Jesus deu a interpreta\u00e7\u00e3o, dizendo: \u201cAs que ca\u00edram \u00e0 beira do caminho s\u00e3o os que ouvem, e ent\u00e3o vem o Diabo e tira a palavra do seu cora\u00e7\u00e3o, para que n\u00e3o creiam e n\u00e3o sejam salvos\u201d (Lc 4.12). Em todos os tipos de solo que a semente \u00e9 lan\u00e7ada \u00e9 indicativo que todos ouvem a Palavra de Deus. Todavia, \u00e9 interessante observar as a\u00e7\u00f5es do Diabo: \u201ce ent\u00e3o vem o Diabo e tira a palavra do seu cora\u00e7\u00e3o, para que n\u00e3o creiam e n\u00e3o sejam salvos\u201d (Lc 8.12). O que leva o Diabo a tirar a Palavra de Deus do cora\u00e7\u00e3o de um pecador \u00e9 que, embora tendo-a ouvido, ele n\u00e3o a compreende. E, devemos lembrar que ouvir e compreender faz toda a diferen\u00e7a<span class=\"excerpt-hellip\"> [\u2026]<\/span><\/p>\n","protected":false},"author":2,"featured_media":0,"comment_status":"open","ping_status":"open","sticky":false,"template":"","format":"standard","meta":{"footnotes":""},"categories":[12],"tags":[],"yoast_head":"<!-- This site is optimized with the Yoast SEO plugin v22.6 - https:\/\/yoast.com\/wordpress\/plugins\/seo\/ -->\n<title>\u201cSemente \u00e0 beira do caminho\u201d - IPCB<\/title>\n<meta name=\"robots\" content=\"index, follow, max-snippet:-1, max-image-preview:large, max-video-preview:-1\" \/>\n<link rel=\"canonical\" href=\"https:\/\/ipcb.org.br\/index\/semente-a-beira-do-caminho\/\" \/>\n<meta property=\"og:locale\" content=\"pt_BR\" \/>\n<meta property=\"og:type\" content=\"article\" \/>\n<meta property=\"og:title\" content=\"\u201cSemente \u00e0 beira do caminho\u201d - IPCB\" \/>\n<meta property=\"og:description\" content=\"O semeador saiu e semeou a semente e \u201cparte dela caiu \u00e0 beira do caminho; foi pisada, e as aves do c\u00e9u a comeram\u201d (Lc 4.5). Jesus deu a interpreta\u00e7\u00e3o, dizendo: \u201cAs que ca\u00edram \u00e0 beira do caminho s\u00e3o os que ouvem, e ent\u00e3o vem o Diabo e tira a palavra do seu cora\u00e7\u00e3o, para que n\u00e3o creiam e n\u00e3o sejam salvos\u201d (Lc 4.12). Em todos os tipos de solo que a semente \u00e9 lan\u00e7ada \u00e9 indicativo que todos ouvem a Palavra de Deus. Todavia, \u00e9 interessante observar as a\u00e7\u00f5es do Diabo: \u201ce ent\u00e3o vem o Diabo e tira a palavra do seu cora\u00e7\u00e3o, para que n\u00e3o creiam e n\u00e3o sejam salvos\u201d (Lc 8.12). O que leva o Diabo a tirar a Palavra de Deus do cora\u00e7\u00e3o de um pecador \u00e9 que, embora tendo-a ouvido, ele n\u00e3o a compreende. E, devemos lembrar que ouvir e compreender faz toda a diferen\u00e7a [\u2026]\" \/>\n<meta property=\"og:url\" content=\"https:\/\/ipcb.org.br\/index\/semente-a-beira-do-caminho\/\" \/>\n<meta property=\"og:site_name\" content=\"IPCB\" \/>\n<meta property=\"article:publisher\" content=\"https:\/\/www.facebook.com\/igrejapresbiterianaconservadoradobrasil\/\" \/>\n<meta property=\"article:published_time\" content=\"2020-05-16T01:43:56+00:00\" \/>\n<meta property=\"article:modified_time\" content=\"2020-05-15T21:44:30+00:00\" \/>\n<meta name=\"author\" content=\"IPCB\" \/>\n<meta name=\"twitter:card\" content=\"summary_large_image\" \/>\n<meta name=\"twitter:label1\" content=\"Escrito por\" \/>\n\t<meta name=\"twitter:data1\" content=\"IPCB\" \/>\n\t<meta name=\"twitter:label2\" content=\"Est. tempo de leitura\" \/>\n\t<meta name=\"twitter:data2\" content=\"3 minutos\" \/>\n<script type=\"application\/ld+json\" class=\"yoast-schema-graph\">{\"@context\":\"https:\/\/schema.org\",\"@graph\":[{\"@type\":\"Article\",\"@id\":\"https:\/\/ipcb.org.br\/index\/semente-a-beira-do-caminho\/#article\",\"isPartOf\":{\"@id\":\"https:\/\/ipcb.org.br\/index\/semente-a-beira-do-caminho\/\"},\"author\":{\"name\":\"IPCB\",\"@id\":\"https:\/\/ipcb.org.br\/index\/#\/schema\/person\/e7ac8a5604730ec240469d9c1de3e0f1\"},\"headline\":\"\u201cSemente \u00e0 beira do caminho\u201d\",\"datePublished\":\"2020-05-16T01:43:56+00:00\",\"dateModified\":\"2020-05-15T21:44:30+00:00\",\"mainEntityOfPage\":{\"@id\":\"https:\/\/ipcb.org.br\/index\/semente-a-beira-do-caminho\/\"},\"wordCount\":547,\"commentCount\":0,\"publisher\":{\"@id\":\"https:\/\/ipcb.org.br\/index\/#organization\"},\"articleSection\":[\"Devocionais\"],\"inLanguage\":\"pt-BR\",\"potentialAction\":[{\"@type\":\"CommentAction\",\"name\":\"Comment\",\"target\":[\"https:\/\/ipcb.org.br\/index\/semente-a-beira-do-caminho\/#respond\"]}]},{\"@type\":\"WebPage\",\"@id\":\"https:\/\/ipcb.org.br\/index\/semente-a-beira-do-caminho\/\",\"url\":\"https:\/\/ipcb.org.br\/index\/semente-a-beira-do-caminho\/\",\"name\":\"\u201cSemente \u00e0 beira do caminho\u201d - IPCB\",\"isPartOf\":{\"@id\":\"https:\/\/ipcb.org.br\/index\/#website\"},\"datePublished\":\"2020-05-16T01:43:56+00:00\",\"dateModified\":\"2020-05-15T21:44:30+00:00\",\"breadcrumb\":{\"@id\":\"https:\/\/ipcb.org.br\/index\/semente-a-beira-do-caminho\/#breadcrumb\"},\"inLanguage\":\"pt-BR\",\"potentialAction\":[{\"@type\":\"ReadAction\",\"target\":[\"https:\/\/ipcb.org.br\/index\/semente-a-beira-do-caminho\/\"]}]},{\"@type\":\"BreadcrumbList\",\"@id\":\"https:\/\/ipcb.org.br\/index\/semente-a-beira-do-caminho\/#breadcrumb\",\"itemListElement\":[{\"@type\":\"ListItem\",\"position\":1,\"name\":\"In\u00edcio\",\"item\":\"https:\/\/ipcb.org.br\/index\/\"},{\"@type\":\"ListItem\",\"position\":2,\"name\":\"\u201cSemente \u00e0 beira do caminho\u201d\"}]},{\"@type\":\"WebSite\",\"@id\":\"https:\/\/ipcb.org.br\/index\/#website\",\"url\":\"https:\/\/ipcb.org.br\/index\/\",\"name\":\"IPCB\",\"description\":\"Igreja Presbiteriana Conservadora do Brasil\",\"publisher\":{\"@id\":\"https:\/\/ipcb.org.br\/index\/#organization\"},\"potentialAction\":[{\"@type\":\"SearchAction\",\"target\":{\"@type\":\"EntryPoint\",\"urlTemplate\":\"https:\/\/ipcb.org.br\/index\/?s={search_term_string}\"},\"query-input\":\"required name=search_term_string\"}],\"inLanguage\":\"pt-BR\"},{\"@type\":\"Organization\",\"@id\":\"https:\/\/ipcb.org.br\/index\/#organization\",\"name\":\"Igreja Presbiteriana Conservadora\",\"url\":\"https:\/\/ipcb.org.br\/index\/\",\"logo\":{\"@type\":\"ImageObject\",\"inLanguage\":\"pt-BR\",\"@id\":\"https:\/\/ipcb.org.br\/index\/#\/schema\/logo\/image\/\",\"url\":\"https:\/\/ipcb.org.br\/index\/wp-content\/uploads\/2019\/04\/Logo_IPCB-JPG.jpg\",\"contentUrl\":\"https:\/\/ipcb.org.br\/index\/wp-content\/uploads\/2019\/04\/Logo_IPCB-JPG.jpg\",\"width\":2482,\"height\":2718,\"caption\":\"Igreja Presbiteriana Conservadora\"},\"image\":{\"@id\":\"https:\/\/ipcb.org.br\/index\/#\/schema\/logo\/image\/\"},\"sameAs\":[\"https:\/\/www.facebook.com\/igrejapresbiterianaconservadoradobrasil\/\"]},{\"@type\":\"Person\",\"@id\":\"https:\/\/ipcb.org.br\/index\/#\/schema\/person\/e7ac8a5604730ec240469d9c1de3e0f1\",\"name\":\"IPCB\",\"image\":{\"@type\":\"ImageObject\",\"inLanguage\":\"pt-BR\",\"@id\":\"https:\/\/ipcb.org.br\/index\/#\/schema\/person\/image\/\",\"url\":\"https:\/\/secure.gravatar.com\/avatar\/043e096e4b3f66305b20c0cda3b664ab?s=96&d=mm&r=g\",\"contentUrl\":\"https:\/\/secure.gravatar.com\/avatar\/043e096e4b3f66305b20c0cda3b664ab?s=96&d=mm&r=g\",\"caption\":\"IPCB\"},\"url\":\"https:\/\/ipcb.org.br\/index\/author\/ipcb\/\"}]}<\/script>\n<!-- \/ Yoast SEO plugin. -->","yoast_head_json":{"title":"\u201cSemente \u00e0 beira do caminho\u201d - IPCB","robots":{"index":"index","follow":"follow","max-snippet":"max-snippet:-1","max-image-preview":"max-image-preview:large","max-video-preview":"max-video-preview:-1"},"canonical":"https:\/\/ipcb.org.br\/index\/semente-a-beira-do-caminho\/","og_locale":"pt_BR","og_type":"article","og_title":"\u201cSemente \u00e0 beira do caminho\u201d - IPCB","og_description":"O semeador saiu e semeou a semente e \u201cparte dela caiu \u00e0 beira do caminho; foi pisada, e as aves do c\u00e9u a comeram\u201d (Lc 4.5). Jesus deu a interpreta\u00e7\u00e3o, dizendo: \u201cAs que ca\u00edram \u00e0 beira do caminho s\u00e3o os que ouvem, e ent\u00e3o vem o Diabo e tira a palavra do seu cora\u00e7\u00e3o, para que n\u00e3o creiam e n\u00e3o sejam salvos\u201d (Lc 4.12). Em todos os tipos de solo que a semente \u00e9 lan\u00e7ada \u00e9 indicativo que todos ouvem a Palavra de Deus. Todavia, \u00e9 interessante observar as a\u00e7\u00f5es do Diabo: \u201ce ent\u00e3o vem o Diabo e tira a palavra do seu cora\u00e7\u00e3o, para que n\u00e3o creiam e n\u00e3o sejam salvos\u201d (Lc 8.12). O que leva o Diabo a tirar a Palavra de Deus do cora\u00e7\u00e3o de um pecador \u00e9 que, embora tendo-a ouvido, ele n\u00e3o a compreende. E, devemos lembrar que ouvir e compreender faz toda a diferen\u00e7a [\u2026]","og_url":"https:\/\/ipcb.org.br\/index\/semente-a-beira-do-caminho\/","og_site_name":"IPCB","article_publisher":"https:\/\/www.facebook.com\/igrejapresbiterianaconservadoradobrasil\/","article_published_time":"2020-05-16T01:43:56+00:00","article_modified_time":"2020-05-15T21:44:30+00:00","author":"IPCB","twitter_card":"summary_large_image","twitter_misc":{"Escrito por":"IPCB","Est. tempo de leitura":"3 minutos"},"schema":{"@context":"https:\/\/schema.org","@graph":[{"@type":"Article","@id":"https:\/\/ipcb.org.br\/index\/semente-a-beira-do-caminho\/#article","isPartOf":{"@id":"https:\/\/ipcb.org.br\/index\/semente-a-beira-do-caminho\/"},"author":{"name":"IPCB","@id":"https:\/\/ipcb.org.br\/index\/#\/schema\/person\/e7ac8a5604730ec240469d9c1de3e0f1"},"headline":"\u201cSemente \u00e0 beira do caminho\u201d","datePublished":"2020-05-16T01:43:56+00:00","dateModified":"2020-05-15T21:44:30+00:00","mainEntityOfPage":{"@id":"https:\/\/ipcb.org.br\/index\/semente-a-beira-do-caminho\/"},"wordCount":547,"commentCount":0,"publisher":{"@id":"https:\/\/ipcb.org.br\/index\/#organization"},"articleSection":["Devocionais"],"inLanguage":"pt-BR","potentialAction":[{"@type":"CommentAction","name":"Comment","target":["https:\/\/ipcb.org.br\/index\/semente-a-beira-do-caminho\/#respond"]}]},{"@type":"WebPage","@id":"https:\/\/ipcb.org.br\/index\/semente-a-beira-do-caminho\/","url":"https:\/\/ipcb.org.br\/index\/semente-a-beira-do-caminho\/","name":"\u201cSemente \u00e0 beira do caminho\u201d - IPCB","isPartOf":{"@id":"https:\/\/ipcb.org.br\/index\/#website"},"datePublished":"2020-05-16T01:43:56+00:00","dateModified":"2020-05-15T21:44:30+00:00","breadcrumb":{"@id":"https:\/\/ipcb.org.br\/index\/semente-a-beira-do-caminho\/#breadcrumb"},"inLanguage":"pt-BR","potentialAction":[{"@type":"ReadAction","target":["https:\/\/ipcb.org.br\/index\/semente-a-beira-do-caminho\/"]}]},{"@type":"BreadcrumbList","@id":"https:\/\/ipcb.org.br\/index\/semente-a-beira-do-caminho\/#breadcrumb","itemListElement":[{"@type":"ListItem","position":1,"name":"In\u00edcio","item":"https:\/\/ipcb.org.br\/index\/"},{"@type":"ListItem","position":2,"name":"\u201cSemente \u00e0 beira do caminho\u201d"}]},{"@type":"WebSite","@id":"https:\/\/ipcb.org.br\/index\/#website","url":"https:\/\/ipcb.org.br\/index\/","name":"IPCB","description":"Igreja Presbiteriana Conservadora do Brasil","publisher":{"@id":"https:\/\/ipcb.org.br\/index\/#organization"},"potentialAction":[{"@type":"SearchAction","target":{"@type":"EntryPoint","urlTemplate":"https:\/\/ipcb.org.br\/index\/?s={search_term_string}"},"query-input":"required name=search_term_string"}],"inLanguage":"pt-BR"},{"@type":"Organization","@id":"https:\/\/ipcb.org.br\/index\/#organization","name":"Igreja Presbiteriana Conservadora","url":"https:\/\/ipcb.org.br\/index\/","logo":{"@type":"ImageObject","inLanguage":"pt-BR","@id":"https:\/\/ipcb.org.br\/index\/#\/schema\/logo\/image\/","url":"https:\/\/ipcb.org.br\/index\/wp-content\/uploads\/2019\/04\/Logo_IPCB-JPG.jpg","contentUrl":"https:\/\/ipcb.org.br\/index\/wp-content\/uploads\/2019\/04\/Logo_IPCB-JPG.jpg","width":2482,"height":2718,"caption":"Igreja Presbiteriana Conservadora"},"image":{"@id":"https:\/\/ipcb.org.br\/index\/#\/schema\/logo\/image\/"},"sameAs":["https:\/\/www.facebook.com\/igrejapresbiterianaconservadoradobrasil\/"]},{"@type":"Person","@id":"https:\/\/ipcb.org.br\/index\/#\/schema\/person\/e7ac8a5604730ec240469d9c1de3e0f1","name":"IPCB","image":{"@type":"ImageObject","inLanguage":"pt-BR","@id":"https:\/\/ipcb.org.br\/index\/#\/schema\/person\/image\/","url":"https:\/\/secure.gravatar.com\/avatar\/043e096e4b3f66305b20c0cda3b664ab?s=96&d=mm&r=g","contentUrl":"https:\/\/secure.gravatar.com\/avatar\/043e096e4b3f66305b20c0cda3b664ab?s=96&d=mm&r=g","caption":"IPCB"},"url":"https:\/\/ipcb.org.br\/index\/author\/ipcb\/"}]}},"_links":{"self":[{"href":"https:\/\/ipcb.org.br\/index\/wp-json\/wp\/v2\/posts\/5361"}],"collection":[{"href":"https:\/\/ipcb.org.br\/index\/wp-json\/wp\/v2\/posts"}],"about":[{"href":"https:\/\/ipcb.org.br\/index\/wp-json\/wp\/v2\/types\/post"}],"author":[{"embeddable":true,"href":"https:\/\/ipcb.org.br\/index\/wp-json\/wp\/v2\/users\/2"}],"replies":[{"embeddable":true,"href":"https:\/\/ipcb.org.br\/index\/wp-json\/wp\/v2\/comments?post=5361"}],"version-history":[{"count":2,"href":"https:\/\/ipcb.org.br\/index\/wp-json\/wp\/v2\/posts\/5361\/revisions"}],"predecessor-version":[{"id":5370,"href":"https:\/\/ipcb.org.br\/index\/wp-json\/wp\/v2\/posts\/5361\/revisions\/5370"}],"wp:attachment":[{"href":"https:\/\/ipcb.org.br\/index\/wp-json\/wp\/v2\/media?parent=5361"}],"wp:term":[{"taxonomy":"category","embeddable":true,"href":"https:\/\/ipcb.org.br\/index\/wp-json\/wp\/v2\/categories?post=5361"},{"taxonomy":"post_tag","embeddable":true,"href":"https:\/\/ipcb.org.br\/index\/wp-json\/wp\/v2\/tags?post=5361"}],"curies":[{"name":"wp","href":"https:\/\/api.w.org\/{rel}","templated":true}]}}