{"id":5365,"date":"2020-05-19T01:49:52","date_gmt":"2020-05-19T01:49:52","guid":{"rendered":"https:\/\/www.ipcb.org.br\/index\/?p=5365"},"modified":"2020-05-20T17:16:59","modified_gmt":"2020-05-20T17:16:59","slug":"descansando-seguro-nos-bracos-de-deus","status":"publish","type":"post","link":"https:\/\/ipcb.org.br\/index\/descansando-seguro-nos-bracos-de-deus\/","title":{"rendered":"<strong>\u201cDescansando Seguro nos Bra\u00e7os de Deus\u201d<\/strong>"},"content":{"rendered":"<p>Examinaremos agora Mateus 1.18-23 para nossa compreens\u00e3o a respeito da pessoa e minist\u00e9rio de Jesus Cristo. Observamos nesse texto que Jesus Cristo foi gerado no ventre de Maria por a\u00e7\u00e3o do Esp\u00edrito Santo: \u201cestando Maria, sua m\u00e3e, desposada com Jos\u00e9, sem que tivesse antes coabitado, achou-se gr\u00e1vida pelo Esp\u00edrito Santo\u201d.  O que isso tem a nos informar a respeito de Jesus Cristo?<\/p>\n<p>Nossa inten\u00e7\u00e3o n\u00e3o \u00e9 falar a respeito de ningu\u00e9m mais al\u00e9m de Cristo. Ent\u00e3o, passaremos direto para as informa\u00e7\u00f5es a respeito da sua pessoa e obra. <\/p>\n<p><strong>Primeiramente, observe que Jesus Cristo \u00e9 uma pessoa hist\u00f3rica, de carne e osso.<\/strong> Ele \u00e9 homem como qualquer um de n\u00f3s, contudo, sem pecado, pois foi gerado pelo Esp\u00edrito Santo numa mulher judia chamada Maria. Ele \u00e9 uma pessoa hist\u00f3rica e real.<\/p>\n<p>\u00c9 importante enfatizar isso porque muitas pessoas dizem que o cristianismo n\u00e3o \u00e9 hist\u00f3rico, mas est\u00e1 fundamentado no Cristo da f\u00e9. O mundo faz separa\u00e7\u00e3o entre o Cristo no qual cremos e o Cristo descrito pela hist\u00f3ria. Nada est\u00e1 t\u00e3o longe da verdade quanto essa afirma\u00e7\u00e3o dos liberais e ateus. Todas as descri\u00e7\u00f5es a respeito de Jesus nas Escrituras s\u00e3o situadas na hist\u00f3ria em meio a fatos concretos e pessoas reais. O cristianismo n\u00e3o \u00e9 fruto de sentimentalismo barato, nem de cren\u00e7a puramente subjetiva, mas de hist\u00f3ria real. <\/p>\n<p><strong>Segundo, perceba, tamb\u00e9m, que ele nasceu de uma mulher, sem o concurso de homem.<\/strong> Nesse caso ele \u00e9 a semente de Maria, ou da mulher. Isso nos leva a olhar mais uma vez para o passado e contemplar a promessa de Deus. Ele disse que enviaria algu\u00e9m para esmagar a cabe\u00e7a da serpente (G\u00eanesis 3.15). Neste texto de G\u00eanesis a promessa \u00e9 clara e cristalina. Deus assim diz \u00e0 serpente: \u201cporei inimizade entre ti (serpente) e a mulher, entre a tua descend\u00eancia e o seu descendente (descendente da mulher). Este te ferir\u00e1 a cabe\u00e7a, e tu lhe ferir\u00e1s o calcanhar\u201d. O cumprimento da promessa \u00e9 realizado de forma completa e detalhada. O Messias n\u00e3o \u00e9 filho de Jos\u00e9, \u00e9 apenas o filho de Maria. Ele \u00e9 o descendente da mulher. Porque esses detalhes s\u00e3o enfatizados e s\u00e3o cumpridos? <\/p>\n<p>O ap\u00f3stolo Paulo diz que Ad\u00e3o n\u00e3o foi enganado, mas Eva sim (1Tim\u00f3teso 2.14). Eva foi seduzida, iludida e ludibriada, mas Ad\u00e3o fez o que fez conscientemente. E Deus para honrar a mulher e envergonhar os intentos do diabo, diz a pr\u00f3pria serpente: \u201co filho da mulher lutar\u00e1 contra voc\u00ea e te derrotar\u00e1 trazendo reden\u00e7\u00e3o aos irm\u00e3os dele\u201d (G\u00eanesis 3.15). O Deus e pai de nosso Senhor Jesus Cristo \u00e9 perfeito e fiel. Ele cumpre sua Palavra nos m\u00ednimos detalhes. Todas as suas promessas s\u00e3o cumpridas ao longo da hist\u00f3ria, por isso, podemos descansar seguros nos bra\u00e7os do grandioso Deus.<\/p>\n<p>Que o Senhor Jesus conceda um \u00f3timo dia a voc\u00ea e toda a sua fam\u00edlia. <\/p>\n<p><strong>Rev. Ant\u00f4nio Carlos  S. Lima<\/strong> (Pastor na IPC de Antonina &#8211; PR)<\/p>\n<p><iframe loading=\"lazy\" width=\"100%\" height=\"300\" scrolling=\"no\" frameborder=\"no\" allow=\"autoplay\" src=\"https:\/\/w.soundcloud.com\/player\/?url=https%3A\/\/api.soundcloud.com\/tracks\/824550472&#038;color=%23ff5500&#038;auto_play=true&#038;hide_related=false&#038;show_comments=true&#038;show_user=true&#038;show_reposts=false&#038;show_teaser=true&#038;visual=true\"><\/iframe><\/p>\n<div style=\"font-size: 10px; color: #cccccc;line-break: anywhere;word-break: normal;overflow: hidden;white-space: nowrap;text-overflow: ellipsis; font-family: Interstate,Lucida Grande,Lucida Sans Unicode,Lucida Sans,Garuda,Verdana,Tahoma,sans-serif;font-weight: 100;\"><a href=\"https:\/\/soundcloud.com\/ipc-brasil\" title=\"IPC Brasil\" target=\"_blank\" style=\"color: #cccccc; text-decoration: none;\" rel=\"noopener noreferrer\">IPC Brasil<\/a> \u00b7 <a href=\"https:\/\/soundcloud.com\/ipc-brasil\/descansando-seguro-nos-bracos-de-deus\" title=\"&quot;Descansando Seguro Nos Bracos De Deus&quot;\" target=\"_blank\" style=\"color: #cccccc; text-decoration: none;\" rel=\"noopener noreferrer\">&quot;Descansando Seguro Nos Bracos De Deus&quot;<\/a><\/div>\n","protected":false},"excerpt":{"rendered":"<p>Examinaremos agora Mateus 1.18-23 para nossa compreens\u00e3o a respeito da pessoa e minist\u00e9rio de Jesus Cristo. Observamos nesse texto que Jesus Cristo foi gerado no ventre de Maria por a\u00e7\u00e3o do Esp\u00edrito Santo: \u201cestando Maria, sua m\u00e3e, desposada com Jos\u00e9, sem que tivesse antes coabitado, achou-se gr\u00e1vida pelo Esp\u00edrito Santo\u201d. O que isso tem a nos informar a respeito de Jesus Cristo? Nossa inten\u00e7\u00e3o n\u00e3o \u00e9 falar a respeito de ningu\u00e9m mais al\u00e9m de Cristo. Ent\u00e3o, passaremos direto para as informa\u00e7\u00f5es a respeito da sua pessoa e obra. Primeiramente, observe que Jesus Cristo \u00e9 uma pessoa hist\u00f3rica, de carne e osso. Ele \u00e9 homem como qualquer um de n\u00f3s, contudo, sem pecado, pois foi gerado pelo Esp\u00edrito Santo numa mulher judia chamada Maria. Ele \u00e9 uma pessoa hist\u00f3rica e real. \u00c9 importante enfatizar isso porque muitas pessoas dizem que o cristianismo n\u00e3o \u00e9 hist\u00f3rico, mas est\u00e1 fundamentado no Cristo da<span class=\"excerpt-hellip\"> [\u2026]<\/span><\/p>\n","protected":false},"author":2,"featured_media":0,"comment_status":"open","ping_status":"open","sticky":false,"template":"","format":"standard","meta":{"footnotes":""},"categories":[12],"tags":[],"yoast_head":"<!-- This site is optimized with the Yoast SEO plugin v22.6 - https:\/\/yoast.com\/wordpress\/plugins\/seo\/ -->\n<title>\u201cDescansando Seguro nos Bra\u00e7os de Deus\u201d - IPCB<\/title>\n<meta name=\"robots\" content=\"index, follow, max-snippet:-1, max-image-preview:large, max-video-preview:-1\" \/>\n<link rel=\"canonical\" href=\"https:\/\/ipcb.org.br\/index\/descansando-seguro-nos-bracos-de-deus\/\" \/>\n<meta property=\"og:locale\" content=\"pt_BR\" \/>\n<meta property=\"og:type\" content=\"article\" \/>\n<meta property=\"og:title\" content=\"\u201cDescansando Seguro nos Bra\u00e7os de Deus\u201d - IPCB\" \/>\n<meta property=\"og:description\" content=\"Examinaremos agora Mateus 1.18-23 para nossa compreens\u00e3o a respeito da pessoa e minist\u00e9rio de Jesus Cristo. Observamos nesse texto que Jesus Cristo foi gerado no ventre de Maria por a\u00e7\u00e3o do Esp\u00edrito Santo: \u201cestando Maria, sua m\u00e3e, desposada com Jos\u00e9, sem que tivesse antes coabitado, achou-se gr\u00e1vida pelo Esp\u00edrito Santo\u201d. O que isso tem a nos informar a respeito de Jesus Cristo? Nossa inten\u00e7\u00e3o n\u00e3o \u00e9 falar a respeito de ningu\u00e9m mais al\u00e9m de Cristo. Ent\u00e3o, passaremos direto para as informa\u00e7\u00f5es a respeito da sua pessoa e obra. Primeiramente, observe que Jesus Cristo \u00e9 uma pessoa hist\u00f3rica, de carne e osso. Ele \u00e9 homem como qualquer um de n\u00f3s, contudo, sem pecado, pois foi gerado pelo Esp\u00edrito Santo numa mulher judia chamada Maria. Ele \u00e9 uma pessoa hist\u00f3rica e real. \u00c9 importante enfatizar isso porque muitas pessoas dizem que o cristianismo n\u00e3o \u00e9 hist\u00f3rico, mas est\u00e1 fundamentado no Cristo da [\u2026]\" \/>\n<meta property=\"og:url\" content=\"https:\/\/ipcb.org.br\/index\/descansando-seguro-nos-bracos-de-deus\/\" \/>\n<meta property=\"og:site_name\" content=\"IPCB\" \/>\n<meta property=\"article:publisher\" content=\"https:\/\/www.facebook.com\/igrejapresbiterianaconservadoradobrasil\/\" \/>\n<meta property=\"article:published_time\" content=\"2020-05-19T01:49:52+00:00\" \/>\n<meta property=\"article:modified_time\" content=\"2020-05-20T17:16:59+00:00\" \/>\n<meta name=\"author\" content=\"IPCB\" \/>\n<meta name=\"twitter:card\" content=\"summary_large_image\" \/>\n<meta name=\"twitter:label1\" content=\"Escrito por\" \/>\n\t<meta name=\"twitter:data1\" content=\"IPCB\" \/>\n\t<meta name=\"twitter:label2\" content=\"Est. tempo de leitura\" \/>\n\t<meta name=\"twitter:data2\" content=\"3 minutos\" \/>\n<script type=\"application\/ld+json\" class=\"yoast-schema-graph\">{\"@context\":\"https:\/\/schema.org\",\"@graph\":[{\"@type\":\"Article\",\"@id\":\"https:\/\/ipcb.org.br\/index\/descansando-seguro-nos-bracos-de-deus\/#article\",\"isPartOf\":{\"@id\":\"https:\/\/ipcb.org.br\/index\/descansando-seguro-nos-bracos-de-deus\/\"},\"author\":{\"name\":\"IPCB\",\"@id\":\"https:\/\/ipcb.org.br\/index\/#\/schema\/person\/e7ac8a5604730ec240469d9c1de3e0f1\"},\"headline\":\"\u201cDescansando Seguro nos Bra\u00e7os de Deus\u201d\",\"datePublished\":\"2020-05-19T01:49:52+00:00\",\"dateModified\":\"2020-05-20T17:16:59+00:00\",\"mainEntityOfPage\":{\"@id\":\"https:\/\/ipcb.org.br\/index\/descansando-seguro-nos-bracos-de-deus\/\"},\"wordCount\":537,\"commentCount\":0,\"publisher\":{\"@id\":\"https:\/\/ipcb.org.br\/index\/#organization\"},\"articleSection\":[\"Devocionais\"],\"inLanguage\":\"pt-BR\",\"potentialAction\":[{\"@type\":\"CommentAction\",\"name\":\"Comment\",\"target\":[\"https:\/\/ipcb.org.br\/index\/descansando-seguro-nos-bracos-de-deus\/#respond\"]}]},{\"@type\":\"WebPage\",\"@id\":\"https:\/\/ipcb.org.br\/index\/descansando-seguro-nos-bracos-de-deus\/\",\"url\":\"https:\/\/ipcb.org.br\/index\/descansando-seguro-nos-bracos-de-deus\/\",\"name\":\"\u201cDescansando Seguro nos Bra\u00e7os de Deus\u201d - IPCB\",\"isPartOf\":{\"@id\":\"https:\/\/ipcb.org.br\/index\/#website\"},\"datePublished\":\"2020-05-19T01:49:52+00:00\",\"dateModified\":\"2020-05-20T17:16:59+00:00\",\"breadcrumb\":{\"@id\":\"https:\/\/ipcb.org.br\/index\/descansando-seguro-nos-bracos-de-deus\/#breadcrumb\"},\"inLanguage\":\"pt-BR\",\"potentialAction\":[{\"@type\":\"ReadAction\",\"target\":[\"https:\/\/ipcb.org.br\/index\/descansando-seguro-nos-bracos-de-deus\/\"]}]},{\"@type\":\"BreadcrumbList\",\"@id\":\"https:\/\/ipcb.org.br\/index\/descansando-seguro-nos-bracos-de-deus\/#breadcrumb\",\"itemListElement\":[{\"@type\":\"ListItem\",\"position\":1,\"name\":\"In\u00edcio\",\"item\":\"https:\/\/ipcb.org.br\/index\/\"},{\"@type\":\"ListItem\",\"position\":2,\"name\":\"\u201cDescansando Seguro nos Bra\u00e7os de Deus\u201d\"}]},{\"@type\":\"WebSite\",\"@id\":\"https:\/\/ipcb.org.br\/index\/#website\",\"url\":\"https:\/\/ipcb.org.br\/index\/\",\"name\":\"IPCB\",\"description\":\"Igreja Presbiteriana Conservadora do Brasil\",\"publisher\":{\"@id\":\"https:\/\/ipcb.org.br\/index\/#organization\"},\"potentialAction\":[{\"@type\":\"SearchAction\",\"target\":{\"@type\":\"EntryPoint\",\"urlTemplate\":\"https:\/\/ipcb.org.br\/index\/?s={search_term_string}\"},\"query-input\":\"required name=search_term_string\"}],\"inLanguage\":\"pt-BR\"},{\"@type\":\"Organization\",\"@id\":\"https:\/\/ipcb.org.br\/index\/#organization\",\"name\":\"Igreja Presbiteriana Conservadora\",\"url\":\"https:\/\/ipcb.org.br\/index\/\",\"logo\":{\"@type\":\"ImageObject\",\"inLanguage\":\"pt-BR\",\"@id\":\"https:\/\/ipcb.org.br\/index\/#\/schema\/logo\/image\/\",\"url\":\"https:\/\/ipcb.org.br\/index\/wp-content\/uploads\/2019\/04\/Logo_IPCB-JPG.jpg\",\"contentUrl\":\"https:\/\/ipcb.org.br\/index\/wp-content\/uploads\/2019\/04\/Logo_IPCB-JPG.jpg\",\"width\":2482,\"height\":2718,\"caption\":\"Igreja Presbiteriana Conservadora\"},\"image\":{\"@id\":\"https:\/\/ipcb.org.br\/index\/#\/schema\/logo\/image\/\"},\"sameAs\":[\"https:\/\/www.facebook.com\/igrejapresbiterianaconservadoradobrasil\/\"]},{\"@type\":\"Person\",\"@id\":\"https:\/\/ipcb.org.br\/index\/#\/schema\/person\/e7ac8a5604730ec240469d9c1de3e0f1\",\"name\":\"IPCB\",\"image\":{\"@type\":\"ImageObject\",\"inLanguage\":\"pt-BR\",\"@id\":\"https:\/\/ipcb.org.br\/index\/#\/schema\/person\/image\/\",\"url\":\"https:\/\/secure.gravatar.com\/avatar\/043e096e4b3f66305b20c0cda3b664ab?s=96&d=mm&r=g\",\"contentUrl\":\"https:\/\/secure.gravatar.com\/avatar\/043e096e4b3f66305b20c0cda3b664ab?s=96&d=mm&r=g\",\"caption\":\"IPCB\"},\"url\":\"https:\/\/ipcb.org.br\/index\/author\/ipcb\/\"}]}<\/script>\n<!-- \/ Yoast SEO plugin. -->","yoast_head_json":{"title":"\u201cDescansando Seguro nos Bra\u00e7os de Deus\u201d - IPCB","robots":{"index":"index","follow":"follow","max-snippet":"max-snippet:-1","max-image-preview":"max-image-preview:large","max-video-preview":"max-video-preview:-1"},"canonical":"https:\/\/ipcb.org.br\/index\/descansando-seguro-nos-bracos-de-deus\/","og_locale":"pt_BR","og_type":"article","og_title":"\u201cDescansando Seguro nos Bra\u00e7os de Deus\u201d - IPCB","og_description":"Examinaremos agora Mateus 1.18-23 para nossa compreens\u00e3o a respeito da pessoa e minist\u00e9rio de Jesus Cristo. Observamos nesse texto que Jesus Cristo foi gerado no ventre de Maria por a\u00e7\u00e3o do Esp\u00edrito Santo: \u201cestando Maria, sua m\u00e3e, desposada com Jos\u00e9, sem que tivesse antes coabitado, achou-se gr\u00e1vida pelo Esp\u00edrito Santo\u201d. O que isso tem a nos informar a respeito de Jesus Cristo? Nossa inten\u00e7\u00e3o n\u00e3o \u00e9 falar a respeito de ningu\u00e9m mais al\u00e9m de Cristo. Ent\u00e3o, passaremos direto para as informa\u00e7\u00f5es a respeito da sua pessoa e obra. Primeiramente, observe que Jesus Cristo \u00e9 uma pessoa hist\u00f3rica, de carne e osso. Ele \u00e9 homem como qualquer um de n\u00f3s, contudo, sem pecado, pois foi gerado pelo Esp\u00edrito Santo numa mulher judia chamada Maria. Ele \u00e9 uma pessoa hist\u00f3rica e real. \u00c9 importante enfatizar isso porque muitas pessoas dizem que o cristianismo n\u00e3o \u00e9 hist\u00f3rico, mas est\u00e1 fundamentado no Cristo da [\u2026]","og_url":"https:\/\/ipcb.org.br\/index\/descansando-seguro-nos-bracos-de-deus\/","og_site_name":"IPCB","article_publisher":"https:\/\/www.facebook.com\/igrejapresbiterianaconservadoradobrasil\/","article_published_time":"2020-05-19T01:49:52+00:00","article_modified_time":"2020-05-20T17:16:59+00:00","author":"IPCB","twitter_card":"summary_large_image","twitter_misc":{"Escrito por":"IPCB","Est. tempo de leitura":"3 minutos"},"schema":{"@context":"https:\/\/schema.org","@graph":[{"@type":"Article","@id":"https:\/\/ipcb.org.br\/index\/descansando-seguro-nos-bracos-de-deus\/#article","isPartOf":{"@id":"https:\/\/ipcb.org.br\/index\/descansando-seguro-nos-bracos-de-deus\/"},"author":{"name":"IPCB","@id":"https:\/\/ipcb.org.br\/index\/#\/schema\/person\/e7ac8a5604730ec240469d9c1de3e0f1"},"headline":"\u201cDescansando Seguro nos Bra\u00e7os de Deus\u201d","datePublished":"2020-05-19T01:49:52+00:00","dateModified":"2020-05-20T17:16:59+00:00","mainEntityOfPage":{"@id":"https:\/\/ipcb.org.br\/index\/descansando-seguro-nos-bracos-de-deus\/"},"wordCount":537,"commentCount":0,"publisher":{"@id":"https:\/\/ipcb.org.br\/index\/#organization"},"articleSection":["Devocionais"],"inLanguage":"pt-BR","potentialAction":[{"@type":"CommentAction","name":"Comment","target":["https:\/\/ipcb.org.br\/index\/descansando-seguro-nos-bracos-de-deus\/#respond"]}]},{"@type":"WebPage","@id":"https:\/\/ipcb.org.br\/index\/descansando-seguro-nos-bracos-de-deus\/","url":"https:\/\/ipcb.org.br\/index\/descansando-seguro-nos-bracos-de-deus\/","name":"\u201cDescansando Seguro nos Bra\u00e7os de Deus\u201d - IPCB","isPartOf":{"@id":"https:\/\/ipcb.org.br\/index\/#website"},"datePublished":"2020-05-19T01:49:52+00:00","dateModified":"2020-05-20T17:16:59+00:00","breadcrumb":{"@id":"https:\/\/ipcb.org.br\/index\/descansando-seguro-nos-bracos-de-deus\/#breadcrumb"},"inLanguage":"pt-BR","potentialAction":[{"@type":"ReadAction","target":["https:\/\/ipcb.org.br\/index\/descansando-seguro-nos-bracos-de-deus\/"]}]},{"@type":"BreadcrumbList","@id":"https:\/\/ipcb.org.br\/index\/descansando-seguro-nos-bracos-de-deus\/#breadcrumb","itemListElement":[{"@type":"ListItem","position":1,"name":"In\u00edcio","item":"https:\/\/ipcb.org.br\/index\/"},{"@type":"ListItem","position":2,"name":"\u201cDescansando Seguro nos Bra\u00e7os de Deus\u201d"}]},{"@type":"WebSite","@id":"https:\/\/ipcb.org.br\/index\/#website","url":"https:\/\/ipcb.org.br\/index\/","name":"IPCB","description":"Igreja Presbiteriana Conservadora do Brasil","publisher":{"@id":"https:\/\/ipcb.org.br\/index\/#organization"},"potentialAction":[{"@type":"SearchAction","target":{"@type":"EntryPoint","urlTemplate":"https:\/\/ipcb.org.br\/index\/?s={search_term_string}"},"query-input":"required name=search_term_string"}],"inLanguage":"pt-BR"},{"@type":"Organization","@id":"https:\/\/ipcb.org.br\/index\/#organization","name":"Igreja Presbiteriana Conservadora","url":"https:\/\/ipcb.org.br\/index\/","logo":{"@type":"ImageObject","inLanguage":"pt-BR","@id":"https:\/\/ipcb.org.br\/index\/#\/schema\/logo\/image\/","url":"https:\/\/ipcb.org.br\/index\/wp-content\/uploads\/2019\/04\/Logo_IPCB-JPG.jpg","contentUrl":"https:\/\/ipcb.org.br\/index\/wp-content\/uploads\/2019\/04\/Logo_IPCB-JPG.jpg","width":2482,"height":2718,"caption":"Igreja Presbiteriana Conservadora"},"image":{"@id":"https:\/\/ipcb.org.br\/index\/#\/schema\/logo\/image\/"},"sameAs":["https:\/\/www.facebook.com\/igrejapresbiterianaconservadoradobrasil\/"]},{"@type":"Person","@id":"https:\/\/ipcb.org.br\/index\/#\/schema\/person\/e7ac8a5604730ec240469d9c1de3e0f1","name":"IPCB","image":{"@type":"ImageObject","inLanguage":"pt-BR","@id":"https:\/\/ipcb.org.br\/index\/#\/schema\/person\/image\/","url":"https:\/\/secure.gravatar.com\/avatar\/043e096e4b3f66305b20c0cda3b664ab?s=96&d=mm&r=g","contentUrl":"https:\/\/secure.gravatar.com\/avatar\/043e096e4b3f66305b20c0cda3b664ab?s=96&d=mm&r=g","caption":"IPCB"},"url":"https:\/\/ipcb.org.br\/index\/author\/ipcb\/"}]}},"_links":{"self":[{"href":"https:\/\/ipcb.org.br\/index\/wp-json\/wp\/v2\/posts\/5365"}],"collection":[{"href":"https:\/\/ipcb.org.br\/index\/wp-json\/wp\/v2\/posts"}],"about":[{"href":"https:\/\/ipcb.org.br\/index\/wp-json\/wp\/v2\/types\/post"}],"author":[{"embeddable":true,"href":"https:\/\/ipcb.org.br\/index\/wp-json\/wp\/v2\/users\/2"}],"replies":[{"embeddable":true,"href":"https:\/\/ipcb.org.br\/index\/wp-json\/wp\/v2\/comments?post=5365"}],"version-history":[{"count":4,"href":"https:\/\/ipcb.org.br\/index\/wp-json\/wp\/v2\/posts\/5365\/revisions"}],"predecessor-version":[{"id":5374,"href":"https:\/\/ipcb.org.br\/index\/wp-json\/wp\/v2\/posts\/5365\/revisions\/5374"}],"wp:attachment":[{"href":"https:\/\/ipcb.org.br\/index\/wp-json\/wp\/v2\/media?parent=5365"}],"wp:term":[{"taxonomy":"category","embeddable":true,"href":"https:\/\/ipcb.org.br\/index\/wp-json\/wp\/v2\/categories?post=5365"},{"taxonomy":"post_tag","embeddable":true,"href":"https:\/\/ipcb.org.br\/index\/wp-json\/wp\/v2\/tags?post=5365"}],"curies":[{"name":"wp","href":"https:\/\/api.w.org\/{rel}","templated":true}]}}