{"id":5375,"date":"2020-05-21T11:54:52","date_gmt":"2020-05-21T11:54:52","guid":{"rendered":"https:\/\/www.ipcb.org.br\/index\/?p=5375"},"modified":"2020-05-21T20:09:49","modified_gmt":"2020-05-21T20:09:49","slug":"olhando-na-direcao-certa","status":"publish","type":"post","link":"https:\/\/ipcb.org.br\/index\/olhando-na-direcao-certa\/","title":{"rendered":"<strong>\u201cOlhando na dire\u00e7\u00e3o certa\u201d<\/strong>"},"content":{"rendered":"<p><strong>\u201cMois\u00e9s, por\u00e9m, respondeu ao povo: N\u00e3o temais; aquietai-vos e vede o livramento do SENHOR que, hoje, vos far\u00e1; porque os eg\u00edpcios, que hoje vedes, nunca mais os tornareis a ver.  14 O SENHOR pelejar\u00e1 por v\u00f3s, e v\u00f3s vos calareis\u201d. (\u00caxodo 14: 13-14).<\/strong><\/p>\n<p>Depois de aproximadamente 430 anos como escravo no Egito,  e depois de ver os grandes feitos  de Deus contra a na\u00e7\u00e3o e a casa de Fara\u00f3, o povo de Israel experimentou o  livramento do Senhor, que o tirou de l\u00e1 com m\u00e3o forte e bra\u00e7o estendido. E tudo dentro dos prop\u00f3sitos de Deus, para que nada fugisse ao controle absoluto dos decretos soberanos do Senhor, o pr\u00f3prio Deus dissera a Mois\u00e9s, que endureceria o cora\u00e7\u00e3o de Fara\u00f3 para que os perseguisse e assim aconteceu.<\/p>\n<p> Os hebreus deixaram o Egito depois que Deus for\u00e7ou o fara\u00f3 a libert\u00e1-los.  Mas agora, quando eles come\u00e7aram sua jornada pelo deserto, os eg\u00edpcios mudaram de id\u00e9ia. Eles odiavam os hebreus e n\u00e3o queriam conceder-lhes liberdade da escravid\u00e3o. Ent\u00e3o, as pessoas enlouqueceram. Elas viram os eg\u00edpcios chegando e se voltaram contra Mois\u00e9s.  E na hora do desespero, se esqueceram de todos os atos poderosos de Deus. O envio das dez pragas, a morte de todos os primog\u00eanitos do Egito. Se esqueceram da coluna de fogo que os aquecia durante a noite e da nuvem que os protegia do calor escaldante sol durante o dia. Ent\u00e3o, come\u00e7aram a reclamar de todas as coisas que eram b\u00ean\u00e7\u00e3os de Deus. <\/p>\n<p>Ser\u00e1 que isso n\u00e3o nos soa familiar?<\/p>\n<p> \tQu\u00e3o f\u00e1cil \u00e9 ver o lado negativo e o p\u00e2nico na vida. Qu\u00e3o f\u00e1cil \u00e9, nas horas de temor, medo e afli\u00e7\u00e3o nos esquecermos das lutas que o senhor j\u00e1 travou e venceu por n\u00f3s.  Na hora do aperto, muitas vezes nos esquecemos de qu\u00e3o bondosa tem sido a m\u00e3o providente de Deus a favor das nossas vidas. <\/p>\n<p>A Palavra de Deus est\u00e1 repleta de situa\u00e7\u00f5es que deveriam nos motivar a confiarmos mais e mais no Senhor. <\/p>\n<p>O segundo livro das Cr\u00f4nicas cap\u00edtulo 32  e tamb\u00e9m os cap\u00edtulos 36 e 37 de Isa\u00edas relatam  o fato de quando Senaqueribe, rei da Assiria, numa tentativa de invadir a cidade do Senhor e assolar a vida do povo de Deus, envia mensageiros com palavras de afrontas e desd\u00e9m, desafiando o rei Ezequias, perguntando a ele se por acaso, ele n\u00e3o sabia do seu poder de batalha e de decis\u00e3o, testificado por todos os reinos pelos quais ele j\u00e1 havia passado e exterminados seus reis e deuses? Ele pergunta a Ezequias: &#8220;Que confian\u00e7a \u00e9 essa na qual te estribas? Qual \u00e9 o Deus que poder\u00e1 livrar-te das minhas m\u00e3os?<\/p>\n<p> \t\u00c9 verdade que Senaqueribe era poderoso e tinha um numeroso exercito. Ezequias sabia disso.  E diante de tais afrontas, Ezequias n\u00e3o responde a Senaqueribe, mas ao inv\u00e9s de se desesperar ele leva o seu povo a olhar para o Senhor: &#8220;tende bom \u00e2nimo; n\u00e3o temais, nem vos espanteis, por causa do rei da Ass\u00edria, nem por causa de toda a multid\u00e3o que est\u00e1 com ele, porque h\u00e1 um maior conosco do que com ele. Com ele est\u00e1 o bra\u00e7o de carne, mas conosco o Senhor nosso Deus, para nos ajudar, e para guerrear por n\u00f3s'&#8221;. Ent\u00e3o: &#8220;orou Ezequias ao Senhor, dizendo: \u00d3 Senhor dos Ex\u00e9rcitos, Deus de Israel, que habitas entre os querubins; tu mesmo, s\u00f3 tu \u00e9s Deus de todos os reinos da terra; tu fizeste os c\u00e9us e a terra. Inclina, \u00f3 Senhor, o teu ouvido, e ouve; abre, Senhor, os teus olhos, e v\u00ea; e ouve todas as palavras de Senaqueribe, as quais ele enviou para afrontar o Deus vivo. Verdade \u00e9, Senhor, que os reis da Ass\u00edria assolaram todas as na\u00e7\u00f5es e suas terras. E lan\u00e7aram no fogo os seus deuses; porque deuses n\u00e3o eram, sen\u00e3o obra de m\u00e3os de homens, madeira e pedra; por isso os destru\u00edram. Agora, pois, \u00f3 Senhor nosso Deus, livra-nos da sua m\u00e3o; e assim saber\u00e3o todos os reinos da terra, que s\u00f3 tu \u00e9s o Senhor. Ent\u00e3o o Senhor  e Deus respondeu a Senaqueribe: A quem afrontaste e blasfemaste? E contra quem al\u00e7aste a voz, e ergueste os teus olhos ao alto? Contra o Santo de Israel. Porventura n\u00e3o ouviste que j\u00e1 h\u00e1 muito tempo eu fiz isto, e j\u00e1 desde os dias antigos o tinha formado? Agora por\u00e9m o fiz vir, para que tu fosses o que destru\u00edsse as cidades fortificadas, e as reduzisse a mont\u00f5es de ru\u00ednas. Por isso os seus moradores, dispondo de pouca for\u00e7a, andaram atemorizados e envergonhados; tornaram-se como a erva do campo, e a relva verde, e o feno dos telhados, e o trigo queimado antes da seara. Por\u00e9m eu conhe\u00e7o o teu assentar, e o teu sair, e o teu entrar, e o teu furor contra mim. Por causa do teu furor contra mim, e porque a tua arrog\u00e2ncia subiu at\u00e9 aos meus ouvidos, portanto porei o meu anzol no teu nariz e o meu freio nos teus l\u00e1bios, e te farei voltar pelo caminho por onde vieste. Porque eu ampararei esta cidade, para livr\u00e1-la, por amor de mim e por amor do meu servo Davi. Assim Senaqueribe, rei da Ass\u00edria, se retirou, e se foi, e voltou, e habitou em N\u00ednive. E sucedeu que, estando ele prostrado na casa de Nisroque, seu deus, Adrameleque e Sarezer, seus filhos, o feriram \u00e0 espada. No contexto dessa situa\u00e7\u00e3o, aqui narrada, como express\u00e3o de sua gratid\u00e3o a Deus, o salmo 46 \u00e9 escrito, e nele o salmista diz:  &#8220;Deus \u00e9 o nosso ref\u00fagio e fortaleza, socorro bem-presente na ang\u00fastia&#8230;<br \/>\n\u00c9  importante olharmos para o textos com estes e atentarmos  com toda a firmeza do nosso ser.<\/p>\n<p>Quando o povo estava aflito, Mois\u00e9s respondeu nas palavras acima. \u201cN\u00e3o tema, fique firme, fique em sil\u00eancio! Espere e observe Deus trabalhar. Esse \u00e9 um \u00f3timo conselho. Pare de se preocupar e comece a esperar o que o Senhor far\u00e1. Pare de tentar lutar e vencer por suas pr\u00f3prias for\u00e7as ou confiar em suas pr\u00f3prias energias.<br \/>\nDeus \u00e9 fiel, mas voc\u00ea n\u00e3o ver\u00e1 essa fidelidade se estiver olhando para os problemas ao inv\u00e9s de olhar para o solucionador de problemas. <\/p>\n<p>Se voc\u00ea n\u00e3o sabe o que fazer e em qual dire\u00e7\u00e3o firmar o seu olhar nas horas das lutas e dos perigos, fa\u00e7a como Josafa que disse: &#8220;n\u00e3o sabemos o que faremos; por\u00e9m os nossos olhos est\u00e3o postos  em ti.  2 Cr\u00f4nicas 20:12<\/p>\n<p>Assista, espere, fique reverente, fique quieto e saiba que o seu Redentor vive e que Deus est\u00e1 no Trono!<\/p>\n<p>Que o Senhor te fortale\u00e7a. <\/p>\n<p>Que o Senhor Jesus conceda um \u00f3timo dia a voc\u00ea e toda a sua fam\u00edlia. <\/p>\n<p><strong>Rev. Jos\u00e9 Serra<\/strong>  (Pastor na 2 IPC de Goi\u00e2nia &#8211; GO)<\/p>\n<p><iframe loading=\"lazy\" width=\"100%\" height=\"300\" scrolling=\"no\" frameborder=\"no\" allow=\"autoplay\" src=\"https:\/\/w.soundcloud.com\/player\/?url=https%3A\/\/api.soundcloud.com\/tracks\/825352810&#038;color=%23ff5500&#038;auto_play=true&#038;hide_related=false&#038;show_comments=true&#038;show_user=true&#038;show_reposts=false&#038;show_teaser=true&#038;visual=true\"><\/iframe><\/p>\n<div style=\"font-size: 10px; color: #cccccc;line-break: anywhere;word-break: normal;overflow: hidden;white-space: nowrap;text-overflow: ellipsis; font-family: Interstate,Lucida Grande,Lucida Sans Unicode,Lucida Sans,Garuda,Verdana,Tahoma,sans-serif;font-weight: 100;\"><a href=\"https:\/\/soundcloud.com\/ipc-brasil\" title=\"IPC Brasil\" target=\"_blank\" style=\"color: #cccccc; text-decoration: none;\" rel=\"noopener noreferrer\">IPC Brasil<\/a> \u00b7 <a href=\"https:\/\/soundcloud.com\/ipc-brasil\/olhando-na-direcao-certa\" title=\"&quot;Olhando Na Dire\u00e7\u00e3o Certa&quot;\" target=\"_blank\" style=\"color: #cccccc; text-decoration: none;\" rel=\"noopener noreferrer\">&quot;Olhando Na Dire\u00e7\u00e3o Certa&quot;<\/a><\/div>\n","protected":false},"excerpt":{"rendered":"<p>\u201cMois\u00e9s, por\u00e9m, respondeu ao povo: N\u00e3o temais; aquietai-vos e vede o livramento do SENHOR que, hoje, vos far\u00e1; porque os eg\u00edpcios, que hoje vedes, nunca mais os tornareis a ver. 14 O SENHOR pelejar\u00e1 por v\u00f3s, e v\u00f3s vos calareis\u201d. (\u00caxodo 14: 13-14). Depois de aproximadamente 430 anos como escravo no Egito, e depois de ver os grandes feitos de Deus contra a na\u00e7\u00e3o e a casa de Fara\u00f3, o povo de Israel experimentou o livramento do Senhor, que o tirou de l\u00e1 com m\u00e3o forte e bra\u00e7o estendido. E tudo dentro dos prop\u00f3sitos de Deus, para que nada fugisse ao controle absoluto dos decretos soberanos do Senhor, o pr\u00f3prio Deus dissera a Mois\u00e9s, que endureceria o cora\u00e7\u00e3o de Fara\u00f3 para que os perseguisse e assim aconteceu. Os hebreus deixaram o Egito depois que Deus for\u00e7ou o fara\u00f3 a libert\u00e1-los. Mas agora, quando eles come\u00e7aram sua jornada pelo deserto, os<span class=\"excerpt-hellip\"> [\u2026]<\/span><\/p>\n","protected":false},"author":2,"featured_media":0,"comment_status":"open","ping_status":"open","sticky":false,"template":"","format":"standard","meta":{"footnotes":""},"categories":[12],"tags":[],"yoast_head":"<!-- This site is optimized with the Yoast SEO plugin v22.6 - https:\/\/yoast.com\/wordpress\/plugins\/seo\/ -->\n<title>\u201cOlhando na dire\u00e7\u00e3o certa\u201d - IPCB<\/title>\n<meta name=\"robots\" content=\"index, follow, max-snippet:-1, max-image-preview:large, max-video-preview:-1\" \/>\n<link rel=\"canonical\" href=\"https:\/\/ipcb.org.br\/index\/olhando-na-direcao-certa\/\" \/>\n<meta property=\"og:locale\" content=\"pt_BR\" \/>\n<meta property=\"og:type\" content=\"article\" \/>\n<meta property=\"og:title\" content=\"\u201cOlhando na dire\u00e7\u00e3o certa\u201d - IPCB\" \/>\n<meta property=\"og:description\" content=\"\u201cMois\u00e9s, por\u00e9m, respondeu ao povo: N\u00e3o temais; aquietai-vos e vede o livramento do SENHOR que, hoje, vos far\u00e1; porque os eg\u00edpcios, que hoje vedes, nunca mais os tornareis a ver. 14 O SENHOR pelejar\u00e1 por v\u00f3s, e v\u00f3s vos calareis\u201d. (\u00caxodo 14: 13-14). Depois de aproximadamente 430 anos como escravo no Egito, e depois de ver os grandes feitos de Deus contra a na\u00e7\u00e3o e a casa de Fara\u00f3, o povo de Israel experimentou o livramento do Senhor, que o tirou de l\u00e1 com m\u00e3o forte e bra\u00e7o estendido. E tudo dentro dos prop\u00f3sitos de Deus, para que nada fugisse ao controle absoluto dos decretos soberanos do Senhor, o pr\u00f3prio Deus dissera a Mois\u00e9s, que endureceria o cora\u00e7\u00e3o de Fara\u00f3 para que os perseguisse e assim aconteceu. Os hebreus deixaram o Egito depois que Deus for\u00e7ou o fara\u00f3 a libert\u00e1-los. Mas agora, quando eles come\u00e7aram sua jornada pelo deserto, os [\u2026]\" \/>\n<meta property=\"og:url\" content=\"https:\/\/ipcb.org.br\/index\/olhando-na-direcao-certa\/\" \/>\n<meta property=\"og:site_name\" content=\"IPCB\" \/>\n<meta property=\"article:publisher\" content=\"https:\/\/www.facebook.com\/igrejapresbiterianaconservadoradobrasil\/\" \/>\n<meta property=\"article:published_time\" content=\"2020-05-21T11:54:52+00:00\" \/>\n<meta property=\"article:modified_time\" content=\"2020-05-21T20:09:49+00:00\" \/>\n<meta name=\"author\" content=\"IPCB\" \/>\n<meta name=\"twitter:card\" content=\"summary_large_image\" \/>\n<meta name=\"twitter:label1\" content=\"Escrito por\" \/>\n\t<meta name=\"twitter:data1\" content=\"IPCB\" \/>\n\t<meta name=\"twitter:label2\" content=\"Est. tempo de leitura\" \/>\n\t<meta name=\"twitter:data2\" content=\"6 minutos\" \/>\n<script type=\"application\/ld+json\" class=\"yoast-schema-graph\">{\"@context\":\"https:\/\/schema.org\",\"@graph\":[{\"@type\":\"Article\",\"@id\":\"https:\/\/ipcb.org.br\/index\/olhando-na-direcao-certa\/#article\",\"isPartOf\":{\"@id\":\"https:\/\/ipcb.org.br\/index\/olhando-na-direcao-certa\/\"},\"author\":{\"name\":\"IPCB\",\"@id\":\"https:\/\/ipcb.org.br\/index\/#\/schema\/person\/e7ac8a5604730ec240469d9c1de3e0f1\"},\"headline\":\"\u201cOlhando na dire\u00e7\u00e3o certa\u201d\",\"datePublished\":\"2020-05-21T11:54:52+00:00\",\"dateModified\":\"2020-05-21T20:09:49+00:00\",\"mainEntityOfPage\":{\"@id\":\"https:\/\/ipcb.org.br\/index\/olhando-na-direcao-certa\/\"},\"wordCount\":1206,\"commentCount\":0,\"publisher\":{\"@id\":\"https:\/\/ipcb.org.br\/index\/#organization\"},\"articleSection\":[\"Devocionais\"],\"inLanguage\":\"pt-BR\",\"potentialAction\":[{\"@type\":\"CommentAction\",\"name\":\"Comment\",\"target\":[\"https:\/\/ipcb.org.br\/index\/olhando-na-direcao-certa\/#respond\"]}]},{\"@type\":\"WebPage\",\"@id\":\"https:\/\/ipcb.org.br\/index\/olhando-na-direcao-certa\/\",\"url\":\"https:\/\/ipcb.org.br\/index\/olhando-na-direcao-certa\/\",\"name\":\"\u201cOlhando na dire\u00e7\u00e3o certa\u201d - IPCB\",\"isPartOf\":{\"@id\":\"https:\/\/ipcb.org.br\/index\/#website\"},\"datePublished\":\"2020-05-21T11:54:52+00:00\",\"dateModified\":\"2020-05-21T20:09:49+00:00\",\"breadcrumb\":{\"@id\":\"https:\/\/ipcb.org.br\/index\/olhando-na-direcao-certa\/#breadcrumb\"},\"inLanguage\":\"pt-BR\",\"potentialAction\":[{\"@type\":\"ReadAction\",\"target\":[\"https:\/\/ipcb.org.br\/index\/olhando-na-direcao-certa\/\"]}]},{\"@type\":\"BreadcrumbList\",\"@id\":\"https:\/\/ipcb.org.br\/index\/olhando-na-direcao-certa\/#breadcrumb\",\"itemListElement\":[{\"@type\":\"ListItem\",\"position\":1,\"name\":\"In\u00edcio\",\"item\":\"https:\/\/ipcb.org.br\/index\/\"},{\"@type\":\"ListItem\",\"position\":2,\"name\":\"\u201cOlhando na dire\u00e7\u00e3o certa\u201d\"}]},{\"@type\":\"WebSite\",\"@id\":\"https:\/\/ipcb.org.br\/index\/#website\",\"url\":\"https:\/\/ipcb.org.br\/index\/\",\"name\":\"IPCB\",\"description\":\"Igreja Presbiteriana Conservadora do Brasil\",\"publisher\":{\"@id\":\"https:\/\/ipcb.org.br\/index\/#organization\"},\"potentialAction\":[{\"@type\":\"SearchAction\",\"target\":{\"@type\":\"EntryPoint\",\"urlTemplate\":\"https:\/\/ipcb.org.br\/index\/?s={search_term_string}\"},\"query-input\":\"required name=search_term_string\"}],\"inLanguage\":\"pt-BR\"},{\"@type\":\"Organization\",\"@id\":\"https:\/\/ipcb.org.br\/index\/#organization\",\"name\":\"Igreja Presbiteriana Conservadora\",\"url\":\"https:\/\/ipcb.org.br\/index\/\",\"logo\":{\"@type\":\"ImageObject\",\"inLanguage\":\"pt-BR\",\"@id\":\"https:\/\/ipcb.org.br\/index\/#\/schema\/logo\/image\/\",\"url\":\"https:\/\/ipcb.org.br\/index\/wp-content\/uploads\/2019\/04\/Logo_IPCB-JPG.jpg\",\"contentUrl\":\"https:\/\/ipcb.org.br\/index\/wp-content\/uploads\/2019\/04\/Logo_IPCB-JPG.jpg\",\"width\":2482,\"height\":2718,\"caption\":\"Igreja Presbiteriana Conservadora\"},\"image\":{\"@id\":\"https:\/\/ipcb.org.br\/index\/#\/schema\/logo\/image\/\"},\"sameAs\":[\"https:\/\/www.facebook.com\/igrejapresbiterianaconservadoradobrasil\/\"]},{\"@type\":\"Person\",\"@id\":\"https:\/\/ipcb.org.br\/index\/#\/schema\/person\/e7ac8a5604730ec240469d9c1de3e0f1\",\"name\":\"IPCB\",\"image\":{\"@type\":\"ImageObject\",\"inLanguage\":\"pt-BR\",\"@id\":\"https:\/\/ipcb.org.br\/index\/#\/schema\/person\/image\/\",\"url\":\"https:\/\/secure.gravatar.com\/avatar\/043e096e4b3f66305b20c0cda3b664ab?s=96&d=mm&r=g\",\"contentUrl\":\"https:\/\/secure.gravatar.com\/avatar\/043e096e4b3f66305b20c0cda3b664ab?s=96&d=mm&r=g\",\"caption\":\"IPCB\"},\"url\":\"https:\/\/ipcb.org.br\/index\/author\/ipcb\/\"}]}<\/script>\n<!-- \/ Yoast SEO plugin. -->","yoast_head_json":{"title":"\u201cOlhando na dire\u00e7\u00e3o certa\u201d - IPCB","robots":{"index":"index","follow":"follow","max-snippet":"max-snippet:-1","max-image-preview":"max-image-preview:large","max-video-preview":"max-video-preview:-1"},"canonical":"https:\/\/ipcb.org.br\/index\/olhando-na-direcao-certa\/","og_locale":"pt_BR","og_type":"article","og_title":"\u201cOlhando na dire\u00e7\u00e3o certa\u201d - IPCB","og_description":"\u201cMois\u00e9s, por\u00e9m, respondeu ao povo: N\u00e3o temais; aquietai-vos e vede o livramento do SENHOR que, hoje, vos far\u00e1; porque os eg\u00edpcios, que hoje vedes, nunca mais os tornareis a ver. 14 O SENHOR pelejar\u00e1 por v\u00f3s, e v\u00f3s vos calareis\u201d. (\u00caxodo 14: 13-14). Depois de aproximadamente 430 anos como escravo no Egito, e depois de ver os grandes feitos de Deus contra a na\u00e7\u00e3o e a casa de Fara\u00f3, o povo de Israel experimentou o livramento do Senhor, que o tirou de l\u00e1 com m\u00e3o forte e bra\u00e7o estendido. E tudo dentro dos prop\u00f3sitos de Deus, para que nada fugisse ao controle absoluto dos decretos soberanos do Senhor, o pr\u00f3prio Deus dissera a Mois\u00e9s, que endureceria o cora\u00e7\u00e3o de Fara\u00f3 para que os perseguisse e assim aconteceu. Os hebreus deixaram o Egito depois que Deus for\u00e7ou o fara\u00f3 a libert\u00e1-los. Mas agora, quando eles come\u00e7aram sua jornada pelo deserto, os [\u2026]","og_url":"https:\/\/ipcb.org.br\/index\/olhando-na-direcao-certa\/","og_site_name":"IPCB","article_publisher":"https:\/\/www.facebook.com\/igrejapresbiterianaconservadoradobrasil\/","article_published_time":"2020-05-21T11:54:52+00:00","article_modified_time":"2020-05-21T20:09:49+00:00","author":"IPCB","twitter_card":"summary_large_image","twitter_misc":{"Escrito por":"IPCB","Est. tempo de leitura":"6 minutos"},"schema":{"@context":"https:\/\/schema.org","@graph":[{"@type":"Article","@id":"https:\/\/ipcb.org.br\/index\/olhando-na-direcao-certa\/#article","isPartOf":{"@id":"https:\/\/ipcb.org.br\/index\/olhando-na-direcao-certa\/"},"author":{"name":"IPCB","@id":"https:\/\/ipcb.org.br\/index\/#\/schema\/person\/e7ac8a5604730ec240469d9c1de3e0f1"},"headline":"\u201cOlhando na dire\u00e7\u00e3o certa\u201d","datePublished":"2020-05-21T11:54:52+00:00","dateModified":"2020-05-21T20:09:49+00:00","mainEntityOfPage":{"@id":"https:\/\/ipcb.org.br\/index\/olhando-na-direcao-certa\/"},"wordCount":1206,"commentCount":0,"publisher":{"@id":"https:\/\/ipcb.org.br\/index\/#organization"},"articleSection":["Devocionais"],"inLanguage":"pt-BR","potentialAction":[{"@type":"CommentAction","name":"Comment","target":["https:\/\/ipcb.org.br\/index\/olhando-na-direcao-certa\/#respond"]}]},{"@type":"WebPage","@id":"https:\/\/ipcb.org.br\/index\/olhando-na-direcao-certa\/","url":"https:\/\/ipcb.org.br\/index\/olhando-na-direcao-certa\/","name":"\u201cOlhando na dire\u00e7\u00e3o certa\u201d - IPCB","isPartOf":{"@id":"https:\/\/ipcb.org.br\/index\/#website"},"datePublished":"2020-05-21T11:54:52+00:00","dateModified":"2020-05-21T20:09:49+00:00","breadcrumb":{"@id":"https:\/\/ipcb.org.br\/index\/olhando-na-direcao-certa\/#breadcrumb"},"inLanguage":"pt-BR","potentialAction":[{"@type":"ReadAction","target":["https:\/\/ipcb.org.br\/index\/olhando-na-direcao-certa\/"]}]},{"@type":"BreadcrumbList","@id":"https:\/\/ipcb.org.br\/index\/olhando-na-direcao-certa\/#breadcrumb","itemListElement":[{"@type":"ListItem","position":1,"name":"In\u00edcio","item":"https:\/\/ipcb.org.br\/index\/"},{"@type":"ListItem","position":2,"name":"\u201cOlhando na dire\u00e7\u00e3o certa\u201d"}]},{"@type":"WebSite","@id":"https:\/\/ipcb.org.br\/index\/#website","url":"https:\/\/ipcb.org.br\/index\/","name":"IPCB","description":"Igreja Presbiteriana Conservadora do Brasil","publisher":{"@id":"https:\/\/ipcb.org.br\/index\/#organization"},"potentialAction":[{"@type":"SearchAction","target":{"@type":"EntryPoint","urlTemplate":"https:\/\/ipcb.org.br\/index\/?s={search_term_string}"},"query-input":"required name=search_term_string"}],"inLanguage":"pt-BR"},{"@type":"Organization","@id":"https:\/\/ipcb.org.br\/index\/#organization","name":"Igreja Presbiteriana Conservadora","url":"https:\/\/ipcb.org.br\/index\/","logo":{"@type":"ImageObject","inLanguage":"pt-BR","@id":"https:\/\/ipcb.org.br\/index\/#\/schema\/logo\/image\/","url":"https:\/\/ipcb.org.br\/index\/wp-content\/uploads\/2019\/04\/Logo_IPCB-JPG.jpg","contentUrl":"https:\/\/ipcb.org.br\/index\/wp-content\/uploads\/2019\/04\/Logo_IPCB-JPG.jpg","width":2482,"height":2718,"caption":"Igreja Presbiteriana Conservadora"},"image":{"@id":"https:\/\/ipcb.org.br\/index\/#\/schema\/logo\/image\/"},"sameAs":["https:\/\/www.facebook.com\/igrejapresbiterianaconservadoradobrasil\/"]},{"@type":"Person","@id":"https:\/\/ipcb.org.br\/index\/#\/schema\/person\/e7ac8a5604730ec240469d9c1de3e0f1","name":"IPCB","image":{"@type":"ImageObject","inLanguage":"pt-BR","@id":"https:\/\/ipcb.org.br\/index\/#\/schema\/person\/image\/","url":"https:\/\/secure.gravatar.com\/avatar\/043e096e4b3f66305b20c0cda3b664ab?s=96&d=mm&r=g","contentUrl":"https:\/\/secure.gravatar.com\/avatar\/043e096e4b3f66305b20c0cda3b664ab?s=96&d=mm&r=g","caption":"IPCB"},"url":"https:\/\/ipcb.org.br\/index\/author\/ipcb\/"}]}},"_links":{"self":[{"href":"https:\/\/ipcb.org.br\/index\/wp-json\/wp\/v2\/posts\/5375"}],"collection":[{"href":"https:\/\/ipcb.org.br\/index\/wp-json\/wp\/v2\/posts"}],"about":[{"href":"https:\/\/ipcb.org.br\/index\/wp-json\/wp\/v2\/types\/post"}],"author":[{"embeddable":true,"href":"https:\/\/ipcb.org.br\/index\/wp-json\/wp\/v2\/users\/2"}],"replies":[{"embeddable":true,"href":"https:\/\/ipcb.org.br\/index\/wp-json\/wp\/v2\/comments?post=5375"}],"version-history":[{"count":3,"href":"https:\/\/ipcb.org.br\/index\/wp-json\/wp\/v2\/posts\/5375\/revisions"}],"predecessor-version":[{"id":5397,"href":"https:\/\/ipcb.org.br\/index\/wp-json\/wp\/v2\/posts\/5375\/revisions\/5397"}],"wp:attachment":[{"href":"https:\/\/ipcb.org.br\/index\/wp-json\/wp\/v2\/media?parent=5375"}],"wp:term":[{"taxonomy":"category","embeddable":true,"href":"https:\/\/ipcb.org.br\/index\/wp-json\/wp\/v2\/categories?post=5375"},{"taxonomy":"post_tag","embeddable":true,"href":"https:\/\/ipcb.org.br\/index\/wp-json\/wp\/v2\/tags?post=5375"}],"curies":[{"name":"wp","href":"https:\/\/api.w.org\/{rel}","templated":true}]}}